{"id":7508,"date":"2025-12-09T10:23:14","date_gmt":"2025-12-09T13:23:14","guid":{"rendered":"https:\/\/costacannabis.ar\/?p=7508"},"modified":"2025-12-11T17:56:45","modified_gmt":"2025-12-11T20:56:45","slug":"cultura_conocimiento_y_comunidad","status":"publish","type":"post","link":"https:\/\/costacannabis.ar\/index.php\/2025\/12\/09\/cultura_conocimiento_y_comunidad\/","title":{"rendered":"CICLO COSTA CANNABIS \u2013 \u00daLTIMO ENCUENTRO DEL A\u00d1O"},"content":{"rendered":"<p>[et_pb_section fb_built=&#8221;1&#8243; _builder_version=&#8221;4.18.0&#8243; _module_preset=&#8221;default&#8221; global_colors_info=&#8221;{}&#8221;][et_pb_row _builder_version=&#8221;4.18.0&#8243; _module_preset=&#8221;default&#8221; global_colors_info=&#8221;{}&#8221;][et_pb_column type=&#8221;4_4&#8243; _builder_version=&#8221;4.18.0&#8243; _module_preset=&#8221;default&#8221; global_colors_info=&#8221;{}&#8221;][et_pb_image src=&#8221;http:\/\/costacannabis.ar\/wp-content\/uploads\/2025\/12\/Header.png&#8221; title_text=&#8221;Header&#8221; align=&#8221;center&#8221; _builder_version=&#8221;4.18.0&#8243; _module_preset=&#8221;default&#8221; transform_scale=&#8221;130%|130%&#8221; global_colors_info=&#8221;{}&#8221;][\/et_pb_image][\/et_pb_column][\/et_pb_row][\/et_pb_section][et_pb_section fb_built=&#8221;1&#8243; disabled_on=&#8221;off|off|off&#8221; admin_label=&#8221;Content&#8221; module_id=&#8221;content&#8221; _builder_version=&#8221;4.18.0&#8243; background_enable_image=&#8221;off&#8221; width=&#8221;100%&#8221; max_width=&#8221;100%&#8221; min_height=&#8221;1073.3px&#8221; custom_margin=&#8221;-22px||||false|false&#8221; custom_margin_tablet=&#8221;55px||||false|false&#8221; custom_margin_phone=&#8221;55px||-42px||false|false&#8221; custom_margin_last_edited=&#8221;on|phone&#8221; custom_width_px__hover=&#8221;1080px&#8221; custom_width_px__hover_enabled=&#8221;1080px&#8221; custom_width_percent__hover=&#8221;80%&#8221; custom_width_percent__hover_enabled=&#8221;80%&#8221; global_colors_info=&#8221;{}&#8221; make_fullwidth__hover=&#8221;off&#8221; make_fullwidth__hover_enabled=&#8221;off&#8221; use_custom_width__hover=&#8221;off&#8221; use_custom_width__hover_enabled=&#8221;off&#8221; width_unit__hover=&#8221;on&#8221; width_unit__hover_enabled=&#8221;on&#8221;][et_pb_row _builder_version=&#8221;4.18.0&#8243; _module_preset=&#8221;default&#8221; width_tablet=&#8221;&#8221; width_phone=&#8221;100%&#8221; width_last_edited=&#8221;on|phone&#8221; min_height=&#8221;880.3px&#8221; custom_padding=&#8221;0px||0px|||&#8221; global_colors_info=&#8221;{}&#8221;][et_pb_column type=&#8221;4_4&#8243; _builder_version=&#8221;4.18.0&#8243; _module_preset=&#8221;default&#8221; global_colors_info=&#8221;{}&#8221;][et_pb_text _builder_version=&#8221;4.18.0&#8243; _module_preset=&#8221;default&#8221; text_text_color=&#8221;#020803&#8243; text_font_size=&#8221;15px&#8221; global_colors_info=&#8221;{}&#8221;]<\/p>\n<h2><b>Tercer Ciclo Costa Cannabis \u2013 Diciembre 2025<\/b><\/h2>\n<h3><b><i>El \u00faltimo encuentro del a\u00f1o: cultura, conocimiento y comunidad<\/i><\/b><\/h3>\n<p><span style=\"font-weight: 400;\">El pr\u00f3ximo s\u00e1bado 13 de diciembre a las 20 hs llega el \u00faltimo Ciclo Costa Cannabis del 2025, una edici\u00f3n especial para despedir el a\u00f1o celebrando la cultura cann\u00e1bica, el aprendizaje colectivo y el encuentro. La cita ser\u00e1 en Club TRI (20 de Septiembre 2650, Mar del Plata), con entrada libre y gratuita.<\/span><\/p>\n<p><span style=\"font-weight: 400;\">El Ciclo Costa Cannabis se consolid\u00f3 durante todo el a\u00f1o como un espacio cultural, informativo y de intercambio, donde conviven charlas especializadas, cine, gastronom\u00eda, m\u00fasica y juegos en un ambiente distendido y amigable. Cada edici\u00f3n cuenta con la selecci\u00f3n de cortos del Festival Internacional de Cine Cann\u00e1bico (FICC), propuestas gastron\u00f3micas, premios, sorteos y m\u00fasica a cargo de Factory Escuela de DJs, y la conducci\u00f3n de FOMO Grupo.\u00a0<\/span><\/p>\n<p><span style=\"font-weight: 400;\">En este cierre de 2025, el Ciclo vuelve a acompa\u00f1ar a Humana Ciudad, invitando a la comunidad a colaborar con productos navide\u00f1os (pan dulce, budines, frutos secos, garrapi\u00f1ada, turrones).<\/span><span style=\"font-weight: 400;\"><br \/><\/span><span style=\"font-weight: 400;\">Todo lo recibido ser\u00e1 destinado a merenderos marplatenses en los que la organizaci\u00f3n trabaja durante todo el a\u00f1o.<\/span><\/p>\n<h2><b>Charla 1 \u2013 \u201cCultivo de Competici\u00f3n: Poscosecha y control de calidad\u201d<\/b><\/h2>\n<p><span style=\"font-weight: 400;\">Una inmersi\u00f3n profunda en el universo del cannabis de alto rendimiento, orientada a quienes buscan alcanzar niveles profesionales y competitivos.<\/span><\/p>\n<p><span style=\"font-weight: 400;\">La charla abordar\u00e1:<\/span><\/p>\n<ul>\n<li style=\"font-weight: 400;\" aria-level=\"1\"><span style=\"font-weight: 400;\">Secretos para una cosecha perfecta: timing, t\u00e9cnicas y maximizaci\u00f3n del perfil terp\u00e9nico.<\/span><span style=\"font-weight: 400;\">\n<p><\/span><\/li>\n<li style=\"font-weight: 400;\" aria-level=\"1\"><span style=\"font-weight: 400;\">Curado y conservaci\u00f3n de \u00e9lite: c\u00f3mo mantener potencia, aroma y calidad visual.<\/span><span style=\"font-weight: 400;\">\n<p><\/span><\/li>\n<li style=\"font-weight: 400;\" aria-level=\"1\"><span style=\"font-weight: 400;\">Presentaci\u00f3n y packaging competitivo: claves para destacar en catas, copas y evaluaciones profesionales.<\/span><\/li>\n<\/ul>\n<h3><b>Disertantes<\/b><\/h3>\n<p><b>Mati Funny\u2019s<\/b><b><br \/><\/b><span style=\"font-weight: 400;\">Cannabicultor y fitomejorador con trayectoria internacional. Fundador de <\/span><i><span style=\"font-weight: 400;\">Funny\u2019s<\/span><\/i><span style=\"font-weight: 400;\"> (2020), proyecto dedicado a recopilar, desarrollar y mejorar gen\u00e9ticas para la comunidad argentina. Su trabajo se distingue por la innovaci\u00f3n y la b\u00fasqueda constante de excelencia.<\/span><\/p>\n<p><b>Old is Kush (Juan Cruz)<\/b><b><br \/><\/b><span style=\"font-weight: 400;\"> Cultivador desde 1995 y referente hist\u00f3rico en redes. Competidor activo desde 2021, ganador de m\u00faltiples copas y actual jurado en competencias de relevancia. Su experiencia de casi 30 a\u00f1os lo convierte en una figura central del cultivo de alta calidad.<\/span><\/p>\n<p><b>Moderaci\u00f3n: Nahuel Demaria (@cabezadecogollo)<\/b><span style=\"font-weight: 400;\"><br \/><\/span><span style=\"font-weight: 400;\">Cultivador, creador de contenido y diplomado en Cannabis y Usos Medicinales (UNAJ). Con m\u00e1s de 16 a\u00f1os de experiencia, se especializa en vaporizaci\u00f3n y divulgaci\u00f3n t\u00e9cnica.<\/span><\/p>\n<h2><b>Charla 2 \u2013 \u201cEl cultivador y la filosof\u00eda del trabajo\u201d<\/b><\/h2>\n<p><span style=\"font-weight: 400;\">Una propuesta que trasciende lo t\u00e9cnico para adentrarse en el cultivo como pr\u00e1ctica de vida.<\/span><span style=\"font-weight: 400;\"><br \/><\/span><span style=\"font-weight: 400;\">Mau compartir\u00e1 una mirada donde la disciplina, la constancia y el respeto por los tiempos \u2014los propios y los de la planta\u2014 se convierten en el eje de una filosof\u00eda que forma cultivadores m\u00e1s conscientes y resilientes.<\/span><\/p>\n<h3><b>Disertante<\/b><\/h3>\n<p><b>Mau La Monica<\/b><b><br \/><\/b><span style=\"font-weight: 400;\"> Breeder y cultivador argentino con amplia trayectoria en mejoramiento gen\u00e9tico y manejo de cultivos avanzados.<\/span><span style=\"font-weight: 400;\"><br \/><\/span><span style=\"font-weight: 400;\"> Referente del movimiento por el autocultivo, difusor de conocimiento t\u00e9cnico y formador de nuevas generaciones.<\/span><\/p>\n<ul>\n<li><span style=\"font-weight: 400;\"><br \/><\/span><span style=\"font-weight: 400;\"> Fundador y CEO de <\/span><i><span style=\"font-weight: 400;\">Flowers and Terps SA<\/span><\/i><i><span style=\"font-weight: 400;\"><br \/><\/span><\/i><span style=\"font-weight: 400;\"> \u2022 Presidente de ONG <\/span><i><span style=\"font-weight: 400;\">Flores y Terpenos<\/span><\/i><i><span style=\"font-weight: 400;\"><br \/><\/span><\/i><span style=\"font-weight: 400;\"> \u2022 Especialista en breeding adaptado al clima argentino<\/span><span style=\"font-weight: 400;\"><br \/><\/span><span style=\"font-weight: 400;\"> \u2022 Educador y activista por los derechos del autocultivo<\/span><\/li>\n<\/ul>\n<p>&nbsp;<\/p>\n<p><b>La edici\u00f3n de diciembre ofrecer\u00e1 nuevamente:<\/b><\/p>\n<ul>\n<li style=\"font-weight: 400;\" aria-level=\"1\"><span style=\"font-weight: 400;\">Proyecci\u00f3n de cortos del FICC<\/span><span style=\"font-weight: 400;\">\n<p><\/span><\/li>\n<li style=\"font-weight: 400;\" aria-level=\"1\"><span style=\"font-weight: 400;\">M\u00fasica seleccionada por Factory Escuela de DJs<\/span><span style=\"font-weight: 400;\">\n<p><\/span><\/li>\n<li style=\"font-weight: 400;\" aria-level=\"1\"><span style=\"font-weight: 400;\">Juegos y premios<\/span><span style=\"font-weight: 400;\">\n<p><\/span><\/li>\n<li style=\"font-weight: 400;\" aria-level=\"1\"><span style=\"font-weight: 400;\">Propuestas gastron\u00f3micas para disfrutar durante toda la noche<\/span><span style=\"font-weight: 400;\">\n<p><\/span><\/li>\n<li style=\"font-weight: 400;\" aria-level=\"1\"><span style=\"font-weight: 400;\">Espacio de encuentro, conversaci\u00f3n y comunidad<\/span><\/li>\n<\/ul>\n<p>&nbsp;<\/p>\n<p><b>Sin\u00f3psis corto FICC\u00a0<\/b><\/p>\n<p><b>The Sprayer<\/b><b><br \/><\/b> <i><span style=\"font-weight: 400;\">Corto de Farnoosh Abedi \u00b7 9 min \u00b7 Ir\u00e1n \u00b7 2022<\/span><\/i><\/p>\n<p><span style=\"font-weight: 400;\">En un territorio dominado por un ej\u00e9rcito de fumigadores, la ley proh\u00edbe absolutamente el cultivo de cualquier tipo de planta, tanto en espacios p\u00fablicos como privados. La poblaci\u00f3n \u2014incluso los propios soldados\u2014 ha perdido todo v\u00ednculo con la naturaleza: no saben c\u00f3mo crece una planta ni c\u00f3mo se ve.<\/span><\/p>\n<p><span style=\"font-weight: 400;\">Todo cambia cuando uno de los soldados encuentra una semilla oculta bajo el polvo. Ese peque\u00f1o hallazgo despierta en \u00e9l una curiosidad inesperada y se convierte en el inicio de algo extraordinario, una transformaci\u00f3n profunda y silenciosa que abre paso a lo revolucionario.<\/span><span style=\"font-weight: 400;\"><\/p>\n<p><\/span><\/p>\n<p><b>Fecha: S\u00e1bado 13 de diciembre \u2013 20 hs<\/b><b><br \/><\/b><b>Lugar: Club TRI (20 de Septiembre 2650, Mar del Plata)<\/b><b><br \/><\/b><b>Entrada: Libre y gratuita<\/b><b><br \/><\/b><b>Colaboraci\u00f3n solidaria: productos navide\u00f1os para Humana Ciudad<\/b><\/p>\n<p>[\/et_pb_text][\/et_pb_column][\/et_pb_row][\/et_pb_section][et_pb_section fb_built=&#8221;1&#8243; _builder_version=&#8221;4.18.0&#8243; _module_preset=&#8221;default&#8221; custom_margin=&#8221;||-66px|||&#8221; global_colors_info=&#8221;{}&#8221;][et_pb_row _builder_version=&#8221;4.18.0&#8243; _module_preset=&#8221;default&#8221; custom_padding=&#8221;20px|||||&#8221; global_colors_info=&#8221;{}&#8221;][et_pb_column type=&#8221;4_4&#8243; _builder_version=&#8221;4.18.0&#8243; _module_preset=&#8221;default&#8221; global_colors_info=&#8221;{}&#8221;][et_pb_gallery gallery_ids=&#8221;7569,7566,7567,7568&#8243; show_pagination=&#8221;off&#8221; _builder_version=&#8221;4.18.0&#8243; _module_preset=&#8221;default&#8221; title_font_size=&#8221;15px&#8221; text_orientation=&#8221;center&#8221; max_width=&#8221;77%&#8221; global_colors_info=&#8221;{}&#8221;][\/et_pb_gallery][\/et_pb_column][\/et_pb_row][\/et_pb_section][et_pb_section fb_built=&#8221;1&#8243; _builder_version=&#8221;4.18.0&#8243; _module_preset=&#8221;default&#8221; background_enable_image=&#8221;off&#8221; background_size=&#8221;contain&#8221; global_colors_info=&#8221;{}&#8221;][et_pb_row _builder_version=&#8221;4.18.0&#8243; _module_preset=&#8221;default&#8221; global_colors_info=&#8221;{}&#8221;][et_pb_column type=&#8221;4_4&#8243; _builder_version=&#8221;4.18.0&#8243; _module_preset=&#8221;default&#8221; global_colors_info=&#8221;{}&#8221;][et_pb_image src=&#8221;http:\/\/costacannabis.ar\/wp-content\/uploads\/2025\/12\/Footer.png&#8221; title_text=&#8221;Footer&#8221; align=&#8221;center&#8221; _builder_version=&#8221;4.18.0&#8243; _module_preset=&#8221;default&#8221; transform_scale=&#8221;140%|140%&#8221; width=&#8221;100%&#8221; global_colors_info=&#8221;{}&#8221;][\/et_pb_image][\/et_pb_column][\/et_pb_row][\/et_pb_section][et_pb_section fb_built=&#8221;1&#8243; _builder_version=&#8221;4.18.0&#8243; _module_preset=&#8221;default&#8221; global_colors_info=&#8221;{}&#8221;][et_pb_row _builder_version=&#8221;4.18.0&#8243; _module_preset=&#8221;default&#8221;][et_pb_column _builder_version=&#8221;4.18.0&#8243; _module_preset=&#8221;default&#8221; type=&#8221;4_4&#8243;][et_pb_image src=&#8221;http:\/\/costacannabis.ar\/wp-content\/uploads\/2025\/12\/02-general-2do-Slide.png&#8221; _builder_version=&#8221;4.18.0&#8243; _module_preset=&#8221;default&#8221; title_text=&#8221;02 general 2do Slide&#8221; hover_enabled=&#8221;0&#8243; sticky_enabled=&#8221;0&#8243;][\/et_pb_image][\/et_pb_column][\/et_pb_row][\/et_pb_section][et_pb_section fb_built=&#8221;1&#8243; disabled_on=&#8221;off|off|off&#8221; admin_label=&#8221;Related Posts&#8221; _builder_version=&#8221;4.18.0&#8243; custom_padding=&#8221;0|0px|54px|0px|false|false&#8221; locked=&#8221;off&#8221; global_colors_info=&#8221;{}&#8221;][et_pb_row _builder_version=&#8221;4.16&#8243; use_custom_width=&#8221;on&#8221; custom_width_px=&#8221;1280px&#8221; locked=&#8221;off&#8221; global_colors_info=&#8221;{}&#8221;][et_pb_column type=&#8221;4_4&#8243; _builder_version=&#8221;4.16&#8243; custom_padding=&#8221;|||&#8221; global_colors_info=&#8221;{}&#8221; custom_padding__hover=&#8221;|||&#8221;][et_pb_text _builder_version=&#8221;4.18.0&#8243; _module_preset=&#8221;003e9429-8e11-4d9e-968b-8881092bbf81&#8243; header_font=&#8221;Montserrat|700|||||||&#8221; header_2_font=&#8221;Montserrat|700|||||||&#8221; header_2_text_color=&#8221;#161616&#8243; header_2_font_size=&#8221;40px&#8221; header_2_line_height=&#8221;1.35em&#8221; header_2_font_size_tablet=&#8221;30px&#8221; header_2_font_size_phone=&#8221;20px&#8221; header_2_font_size_last_edited=&#8221;on|desktop&#8221; global_colors_info=&#8221;{}&#8221;]<\/p>\n<h2>Otros Post Relacionados<\/h2>\n<p>[\/et_pb_text][\/et_pb_column][\/et_pb_row][et_pb_row _builder_version=&#8221;4.18.0&#8243; _module_preset=&#8221;default&#8221; background_color=&#8221;#AA8CF2&#8243; global_colors_info=&#8221;{}&#8221;][et_pb_column type=&#8221;4_4&#8243; _builder_version=&#8221;4.18.0&#8243; _module_preset=&#8221;default&#8221; global_colors_info=&#8221;{}&#8221;][et_pb_post_slider include_categories=&#8221;1&#8243; more_text=&#8221;VER MAS&#8221; image_placement=&#8221;left&#8221; _builder_version=&#8221;4.18.0&#8243; _module_preset=&#8221;default&#8221; background_color=&#8221;#3B2673&#8243; locked=&#8221;off&#8221; global_colors_info=&#8221;{}&#8221;][\/et_pb_post_slider][\/et_pb_column][\/et_pb_row][\/et_pb_section]<\/p>\n","protected":false},"excerpt":{"rendered":"<p>Tercer Ciclo Costa Cannabis \u2013 Diciembre 2025 El \u00faltimo encuentro del a\u00f1o: cultura, conocimiento y comunidad El pr\u00f3ximo s\u00e1bado 13 de diciembre a las 20 hs llega el \u00faltimo Ciclo [&hellip;]<\/p>\n","protected":false},"author":1,"featured_media":7564,"comment_status":"closed","ping_status":"open","sticky":false,"template":"","format":"standard","meta":{"_et_pb_use_builder":"on","_et_pb_old_content":"","_et_gb_content_width":"2880","om_disable_all_campaigns":false,"_monsterinsights_skip_tracking":false,"_monsterinsights_sitenote_active":false,"_monsterinsights_sitenote_note":"","_monsterinsights_sitenote_category":0,"footnotes":""},"categories":[1],"tags":[],"class_list":["post-7508","post","type-post","status-publish","format-standard","has-post-thumbnail","hentry","category-ciclos"],"aioseo_notices":[],"_links":{"self":[{"href":"https:\/\/costacannabis.ar\/index.php\/wp-json\/wp\/v2\/posts\/7508","targetHints":{"allow":["GET"]}}],"collection":[{"href":"https:\/\/costacannabis.ar\/index.php\/wp-json\/wp\/v2\/posts"}],"about":[{"href":"https:\/\/costacannabis.ar\/index.php\/wp-json\/wp\/v2\/types\/post"}],"author":[{"embeddable":true,"href":"https:\/\/costacannabis.ar\/index.php\/wp-json\/wp\/v2\/users\/1"}],"replies":[{"embeddable":true,"href":"https:\/\/costacannabis.ar\/index.php\/wp-json\/wp\/v2\/comments?post=7508"}],"version-history":[{"count":11,"href":"https:\/\/costacannabis.ar\/index.php\/wp-json\/wp\/v2\/posts\/7508\/revisions"}],"predecessor-version":[{"id":7582,"href":"https:\/\/costacannabis.ar\/index.php\/wp-json\/wp\/v2\/posts\/7508\/revisions\/7582"}],"wp:featuredmedia":[{"embeddable":true,"href":"https:\/\/costacannabis.ar\/index.php\/wp-json\/wp\/v2\/media\/7564"}],"wp:attachment":[{"href":"https:\/\/costacannabis.ar\/index.php\/wp-json\/wp\/v2\/media?parent=7508"}],"wp:term":[{"taxonomy":"category","embeddable":true,"href":"https:\/\/costacannabis.ar\/index.php\/wp-json\/wp\/v2\/categories?post=7508"},{"taxonomy":"post_tag","embeddable":true,"href":"https:\/\/costacannabis.ar\/index.php\/wp-json\/wp\/v2\/tags?post=7508"}],"curies":[{"name":"wp","href":"https:\/\/api.w.org\/{rel}","templated":true}]}}